{"id":28160,"date":"2012-05-25T13:38:00","date_gmt":"2012-05-25T11:38:00","guid":{"rendered":"https:\/\/jag.se\/opinion\/pressreleases\/regeringen-nonchalerar-anvandare-av-personlig-assistans\/"},"modified":"2012-05-25T13:38:00","modified_gmt":"2012-05-25T11:38:00","slug":"regeringen-nonchalerar-anvandare-av-personlig-assistans","status":"publish","type":"pressreleases","link":"https:\/\/jag.se\/opinion\/pressreleases\/regeringen-nonchalerar-anvandare-av-personlig-assistans\/","title":{"rendered":"Regeringen nonchalerar anv\u00e4ndare av personlig assistans"},"content":{"rendered":"<p>F\u00f6reningen JAG \u00e4r starkt oroad \u00f6ver de f\u00f6rslag till f\u00f6r\u00e4ndringar i assistentreformen som nu ligger p\u00e5 regeringens bord. F\u00f6rslagen \u00e4r framtagna utan n\u00e5got samr\u00e5d eller inflytande av organisationer som f\u00f6retr\u00e4der brukare av personlig assistans.<\/p>\n<p>F\u00f6r\u00e4ndringar i assistansreformen \u00e4r i allra h\u00f6gsta grad en fr\u00e5ga som ber\u00f6r personer med funktionsneds\u00e4ttning. Reformen \u00e4r helt enkelt livsviktig f\u00f6r assistansanv\u00e4ndare.<br \/>\nI FN:s konvention om r\u00e4ttigheter f\u00f6r personer med funktionsneds\u00e4ttning, artikel 4 punkt 3, stadgas det klart och tydligt att \u201di \u2026. beslutande processer ang\u00e5ende fr\u00e5gor som ber\u00f6r personer med funktionsneds\u00e4ttning ska konventionsstaterna n\u00e4ra samr\u00e5da med och aktivt involvera personer med funktionsneds\u00e4ttning, d\u00e4ribland barn med funktionsneds\u00e4ttning, genom de organisationer som f\u00f6retr\u00e4der dem.\u201d<br \/>\nJust nu p\u00e5g\u00e5r beredningen av f\u00f6rslagen i den s\u00e5 kallade \u201dfuskutredningen\u201d och remissvaren i regeringskansliet. Detta utan att de som ber\u00f6rs f\u00e5tt samr\u00e5da med beslutsfattarna kring f\u00f6r\u00e4ndringarna.<br \/>\nNaturligtvis st\u00f6djer vi \u00e5tg\u00e4rder mot fusk men vissa av de f\u00f6rslag som utredningen l\u00e4mnar \u00e4r mycket olyckliga. F\u00f6rslagen f\u00e5r allvarliga konsekvenser f\u00f6r assistentanv\u00e4ndare om de genomf\u00f6rs.<br \/>\nI veckan skickade vi tillsammans med \u00f6vriga svenska funktionshinderr\u00f6relsen en skrivelse till statsminister Fredrik Reinfeldt och till Barn- och \u00e4ldreministern Maria Larsson som ocks\u00e5 ansvarar f\u00f6r funktionshindersfr\u00e5gor. I skrivelsen uppmanar vi regeringen att f\u00f6lja FN:s konvention.\u00a0 Vi f\u00f6ruts\u00e4tter att regeringen lever upp till konventionen och \u00e5terkommer med en inbjudan till \u00f6verl\u00e4ggningar och samr\u00e5d.<\/p>\n","protected":false},"featured_media":0,"template":"","class_list":["post-28160","pressreleases","type-pressreleases","status-publish","hentry"],"acf":[],"yoast_head":"<!-- This site is optimized with the Yoast SEO plugin v21.3 - https:\/\/yoast.com\/wordpress\/plugins\/seo\/ -->\n<title>Regeringen nonchalerar anv\u00e4ndare av personlig assistans - JAG Opinion<\/title>\n<meta name=\"robots\" content=\"index, follow, max-snippet:-1, max-image-preview:large, max-video-preview:-1\" \/>\n<link rel=\"canonical\" href=\"https:\/\/jag.se\/opinion\/pressreleases\/regeringen-nonchalerar-anvandare-av-personlig-assistans\/\" \/>\n<meta property=\"og:locale\" content=\"sv_SE\" \/>\n<meta property=\"og:type\" content=\"article\" \/>\n<meta property=\"og:title\" content=\"Regeringen nonchalerar anv\u00e4ndare av personlig assistans - JAG Opinion\" \/>\n<meta property=\"og:description\" content=\"F\u00f6reningen JAG \u00e4r starkt oroad \u00f6ver de f\u00f6rslag till f\u00f6r\u00e4ndringar i assistentreformen som nu ligger p\u00e5 regeringens bord. F\u00f6rslagen \u00e4r framtagna utan n\u00e5got samr\u00e5d eller inflytande av organisationer som f\u00f6retr\u00e4der brukare av personlig assistans. F\u00f6r\u00e4ndringar i assistansreformen \u00e4r i allra h\u00f6gsta grad en fr\u00e5ga som ber\u00f6r personer med funktionsneds\u00e4ttning. Reformen \u00e4r helt enkelt livsviktig f\u00f6r\" \/>\n<meta property=\"og:url\" content=\"https:\/\/jag.se\/opinion\/pressreleases\/regeringen-nonchalerar-anvandare-av-personlig-assistans\/\" \/>\n<meta property=\"og:site_name\" content=\"JAG Opinion\" \/>\n<meta name=\"twitter:card\" content=\"summary_large_image\" \/>\n<meta name=\"twitter:label1\" content=\"Ber\u00e4knad l\u00e4stid\" \/>\n\t<meta name=\"twitter:data1\" content=\"1 minut\" \/>\n<script type=\"application\/ld+json\" class=\"yoast-schema-graph\">{\"@context\":\"https:\/\/schema.org\",\"@graph\":[{\"@type\":\"WebPage\",\"@id\":\"https:\/\/jag.se\/opinion\/pressreleases\/regeringen-nonchalerar-anvandare-av-personlig-assistans\/\",\"url\":\"https:\/\/jag.se\/opinion\/pressreleases\/regeringen-nonchalerar-anvandare-av-personlig-assistans\/\",\"name\":\"Regeringen nonchalerar anv\u00e4ndare av personlig assistans - JAG Opinion\",\"isPartOf\":{\"@id\":\"https:\/\/jag.se\/opinion\/#website\"},\"datePublished\":\"2012-05-25T11:38:00+00:00\",\"dateModified\":\"2012-05-25T11:38:00+00:00\",\"breadcrumb\":{\"@id\":\"https:\/\/jag.se\/opinion\/pressreleases\/regeringen-nonchalerar-anvandare-av-personlig-assistans\/#breadcrumb\"},\"inLanguage\":\"sv-SE\",\"potentialAction\":[{\"@type\":\"ReadAction\",\"target\":[\"https:\/\/jag.se\/opinion\/pressreleases\/regeringen-nonchalerar-anvandare-av-personlig-assistans\/\"]}]},{\"@type\":\"BreadcrumbList\",\"@id\":\"https:\/\/jag.se\/opinion\/pressreleases\/regeringen-nonchalerar-anvandare-av-personlig-assistans\/#breadcrumb\",\"itemListElement\":[{\"@type\":\"ListItem\",\"position\":1,\"name\":\"JAG start\",\"item\":\"https:\/\/jag.se\"},{\"@type\":\"ListItem\",\"position\":2,\"name\":\"Riksf\u00f6reningen JAG\",\"item\":\"https:\/\/jag.se\/opinion\/\"},{\"@type\":\"ListItem\",\"position\":3,\"name\":\"Pressmeddelanden\",\"item\":\"https:\/\/jag.se\/opinion\/pressreleases\/\"},{\"@type\":\"ListItem\",\"position\":4,\"name\":\"Regeringen nonchalerar anv\u00e4ndare av personlig assistans\"}]},{\"@type\":\"WebSite\",\"@id\":\"https:\/\/jag.se\/opinion\/#website\",\"url\":\"https:\/\/jag.se\/opinion\/\",\"name\":\"JAG Opinion\",\"description\":\"\",\"potentialAction\":[{\"@type\":\"SearchAction\",\"target\":{\"@type\":\"EntryPoint\",\"urlTemplate\":\"https:\/\/jag.se\/opinion\/?s={search_term_string}\"},\"query-input\":\"required name=search_term_string\"}],\"inLanguage\":\"sv-SE\"}]}<\/script>\n<!-- \/ Yoast SEO plugin. -->","yoast_head_json":{"title":"Regeringen nonchalerar anv\u00e4ndare av personlig assistans - JAG Opinion","robots":{"index":"index","follow":"follow","max-snippet":"max-snippet:-1","max-image-preview":"max-image-preview:large","max-video-preview":"max-video-preview:-1"},"canonical":"https:\/\/jag.se\/opinion\/pressreleases\/regeringen-nonchalerar-anvandare-av-personlig-assistans\/","og_locale":"sv_SE","og_type":"article","og_title":"Regeringen nonchalerar anv\u00e4ndare av personlig assistans - JAG Opinion","og_description":"F\u00f6reningen JAG \u00e4r starkt oroad \u00f6ver de f\u00f6rslag till f\u00f6r\u00e4ndringar i assistentreformen som nu ligger p\u00e5 regeringens bord. F\u00f6rslagen \u00e4r framtagna utan n\u00e5got samr\u00e5d eller inflytande av organisationer som f\u00f6retr\u00e4der brukare av personlig assistans. F\u00f6r\u00e4ndringar i assistansreformen \u00e4r i allra h\u00f6gsta grad en fr\u00e5ga som ber\u00f6r personer med funktionsneds\u00e4ttning. Reformen \u00e4r helt enkelt livsviktig f\u00f6r","og_url":"https:\/\/jag.se\/opinion\/pressreleases\/regeringen-nonchalerar-anvandare-av-personlig-assistans\/","og_site_name":"JAG Opinion","twitter_card":"summary_large_image","twitter_misc":{"Ber\u00e4knad l\u00e4stid":"1 minut"},"schema":{"@context":"https:\/\/schema.org","@graph":[{"@type":"WebPage","@id":"https:\/\/jag.se\/opinion\/pressreleases\/regeringen-nonchalerar-anvandare-av-personlig-assistans\/","url":"https:\/\/jag.se\/opinion\/pressreleases\/regeringen-nonchalerar-anvandare-av-personlig-assistans\/","name":"Regeringen nonchalerar anv\u00e4ndare av personlig assistans - JAG Opinion","isPartOf":{"@id":"https:\/\/jag.se\/opinion\/#website"},"datePublished":"2012-05-25T11:38:00+00:00","dateModified":"2012-05-25T11:38:00+00:00","breadcrumb":{"@id":"https:\/\/jag.se\/opinion\/pressreleases\/regeringen-nonchalerar-anvandare-av-personlig-assistans\/#breadcrumb"},"inLanguage":"sv-SE","potentialAction":[{"@type":"ReadAction","target":["https:\/\/jag.se\/opinion\/pressreleases\/regeringen-nonchalerar-anvandare-av-personlig-assistans\/"]}]},{"@type":"BreadcrumbList","@id":"https:\/\/jag.se\/opinion\/pressreleases\/regeringen-nonchalerar-anvandare-av-personlig-assistans\/#breadcrumb","itemListElement":[{"@type":"ListItem","position":1,"name":"JAG start","item":"https:\/\/jag.se"},{"@type":"ListItem","position":2,"name":"Riksf\u00f6reningen JAG","item":"https:\/\/jag.se\/opinion\/"},{"@type":"ListItem","position":3,"name":"Pressmeddelanden","item":"https:\/\/jag.se\/opinion\/pressreleases\/"},{"@type":"ListItem","position":4,"name":"Regeringen nonchalerar anv\u00e4ndare av personlig assistans"}]},{"@type":"WebSite","@id":"https:\/\/jag.se\/opinion\/#website","url":"https:\/\/jag.se\/opinion\/","name":"JAG Opinion","description":"","potentialAction":[{"@type":"SearchAction","target":{"@type":"EntryPoint","urlTemplate":"https:\/\/jag.se\/opinion\/?s={search_term_string}"},"query-input":"required name=search_term_string"}],"inLanguage":"sv-SE"}]}},"_links":{"self":[{"href":"https:\/\/jag.se\/opinion\/wp-json\/wp\/v2\/pressreleases\/28160","targetHints":{"allow":["GET"]}}],"collection":[{"href":"https:\/\/jag.se\/opinion\/wp-json\/wp\/v2\/pressreleases"}],"about":[{"href":"https:\/\/jag.se\/opinion\/wp-json\/wp\/v2\/types\/pressreleases"}],"wp:attachment":[{"href":"https:\/\/jag.se\/opinion\/wp-json\/wp\/v2\/media?parent=28160"}],"curies":[{"name":"wp","href":"https:\/\/api.w.org\/{rel}","templated":true}]}}