{"id":28161,"date":"2012-05-04T09:12:00","date_gmt":"2012-05-04T07:12:00","guid":{"rendered":"https:\/\/jag.se\/opinion\/pressreleases\/protesten-mot-nedskarningarna-av-den-personliga-assistansen-fortsatter-vid-slussen-imorgon-lordag\/"},"modified":"2012-05-04T09:12:00","modified_gmt":"2012-05-04T07:12:00","slug":"protesten-mot-nedskarningarna-av-den-personliga-assistansen-fortsatter-vid-slussen-imorgon-lordag","status":"publish","type":"pressreleases","link":"https:\/\/jag.se\/opinion\/pressreleases\/protesten-mot-nedskarningarna-av-den-personliga-assistansen-fortsatter-vid-slussen-imorgon-lordag\/","title":{"rendered":"Protesten mot nedsk\u00e4rningarna av den personliga assistansen forts\u00e4tter vid Slussen imorgon l\u00f6rdag"},"content":{"rendered":"<p>Aktionen &#8221;Utan assistans stannar livet&#8221; som i tre dagar p\u00e5g\u00e5tt p\u00e5 Mynttorget i Stockholm flyttar imorgon till Rysstorget (vid S\u00f6dermalmstorg, Slussen). L\u00f6rdag 5\/5 kl 12\u201316 sitter assistansanv\u00e4ndare p\u00e5 plats i buren i protest mot nedsk\u00e4rningarna av den personliga assistansen. Kl 14\u201316 bjuds p\u00e5 tal och upptr\u00e4danden fr\u00e5n scenen. Medverkar g\u00f6r bland andra F\u00f6reningen JAGs ordf\u00f6rande Magnus And\u00e9n, Jonas Franksson fr\u00e5n STIL .<\/p>\n<p>Programmet i sin helhet:<br \/>\n14.00 D\u00e4rf\u00f6r har vi samlats Emma Johansson, konferencier<br \/>\n14.05 Kostnads\u00f6kningens verkliga inneb\u00f6rd och n\u00f6dv\u00e4ndighet Vilhelm Ekensteen<br \/>\n14.10 Personlig assistans \u2013 en m\u00e4nsklig r\u00e4ttighet f\u00f6r att kunna leva livet Christina Amundberg<br \/>\n14.15 Barns assistans \u2013 en f\u00f6ruts\u00e4ttning f\u00f6r frig\u00f6relse Agnetha Mbuyamba<br \/>\n14.20 Musikupptr\u00e4dande med Adam Engvall<br \/>\n14.35 Att piska upp en hatst\u00e4mning Bengt Elm\u00e9n<br \/>\n14.40 Sj\u00e4lvbest\u00e4mmande i assistansen f\u00f6r personer med intellektuella<br \/>\nfunktionsneds\u00e4ttningar Magnus And\u00e9n med god man Cecilia Blanck<br \/>\n14.45 Mika Ihanus l\u00e4ser dikter<br \/>\n15.05 Det kr\u00e4vs politiskt mod Pelle K\u00f6lhed<br \/>\n15.10 Assistansreformen \u00e4r ocks\u00e5 en arbetsreform Kathleen Bengtsson-Hayward<br \/>\n15.15 Musikupptr\u00e4dande med Sandro Grip<br \/>\n15.30 Att leva under hot Jonas Franksson<br \/>\n15.35 Musikupptr\u00e4dande med Madodds<br \/>\n15.55 Avslutning<\/p>\n<p>Aktionen arrangeras av \u201dAssistansanv\u00e4ndarna\u201d \u2013 en grupp best\u00e5ende av representanter f\u00f6r funktionshinders- och brukarorganisationer:<br \/>\nJAG &#8211; J\u00e4mlikhet Assistans Gemenskap<br \/>\nSTIL- Personlig assistans och politisk p\u00e5verkan<br \/>\nDHR &#8211; F\u00f6rbundet f\u00f6r ett samh\u00e4lle utan r\u00f6relsehinder<br \/>\nNeurologiskt Handikappades Riksf\u00f6rbund (NHR)<br \/>\nPersonskadef\u00f6rbundet RTP<br \/>\nRiksf\u00f6rbundet f\u00f6r R\u00f6relsehindrade Barn och Ungdomar (RBU)<br \/>\nHj\u00e4rnskadef\u00f6rbundet Hj\u00e4rnkraft<br \/>\nHandikappf\u00f6rbunden<br \/>\nIntressegruppen f\u00f6r Assistansber\u00e4ttigade (IfA)<\/p>\n","protected":false},"featured_media":0,"template":"","class_list":["post-28161","pressreleases","type-pressreleases","status-publish","hentry"],"acf":[],"yoast_head":"<!-- This site is optimized with the Yoast SEO plugin v21.3 - https:\/\/yoast.com\/wordpress\/plugins\/seo\/ -->\n<title>Protesten mot nedsk\u00e4rningarna av den personliga assistansen forts\u00e4tter vid Slussen imorgon l\u00f6rdag - JAG Opinion<\/title>\n<meta name=\"robots\" content=\"index, follow, max-snippet:-1, max-image-preview:large, max-video-preview:-1\" \/>\n<link rel=\"canonical\" href=\"https:\/\/jag.se\/opinion\/pressreleases\/protesten-mot-nedskarningarna-av-den-personliga-assistansen-fortsatter-vid-slussen-imorgon-lordag\/\" \/>\n<meta property=\"og:locale\" content=\"sv_SE\" \/>\n<meta property=\"og:type\" content=\"article\" \/>\n<meta property=\"og:title\" content=\"Protesten mot nedsk\u00e4rningarna av den personliga assistansen forts\u00e4tter vid Slussen imorgon l\u00f6rdag - JAG Opinion\" \/>\n<meta property=\"og:description\" content=\"Aktionen &#8221;Utan assistans stannar livet&#8221; som i tre dagar p\u00e5g\u00e5tt p\u00e5 Mynttorget i Stockholm flyttar imorgon till Rysstorget (vid S\u00f6dermalmstorg, Slussen). L\u00f6rdag 5\/5 kl 12\u201316 sitter assistansanv\u00e4ndare p\u00e5 plats i buren i protest mot nedsk\u00e4rningarna av den personliga assistansen. Kl 14\u201316 bjuds p\u00e5 tal och upptr\u00e4danden fr\u00e5n scenen. Medverkar g\u00f6r bland andra F\u00f6reningen JAGs ordf\u00f6rande\" \/>\n<meta property=\"og:url\" content=\"https:\/\/jag.se\/opinion\/pressreleases\/protesten-mot-nedskarningarna-av-den-personliga-assistansen-fortsatter-vid-slussen-imorgon-lordag\/\" \/>\n<meta property=\"og:site_name\" content=\"JAG Opinion\" \/>\n<meta name=\"twitter:card\" content=\"summary_large_image\" \/>\n<meta name=\"twitter:label1\" content=\"Ber\u00e4knad l\u00e4stid\" \/>\n\t<meta name=\"twitter:data1\" content=\"1 minut\" \/>\n<script type=\"application\/ld+json\" class=\"yoast-schema-graph\">{\"@context\":\"https:\/\/schema.org\",\"@graph\":[{\"@type\":\"WebPage\",\"@id\":\"https:\/\/jag.se\/opinion\/pressreleases\/protesten-mot-nedskarningarna-av-den-personliga-assistansen-fortsatter-vid-slussen-imorgon-lordag\/\",\"url\":\"https:\/\/jag.se\/opinion\/pressreleases\/protesten-mot-nedskarningarna-av-den-personliga-assistansen-fortsatter-vid-slussen-imorgon-lordag\/\",\"name\":\"Protesten mot nedsk\u00e4rningarna av den personliga assistansen forts\u00e4tter vid Slussen imorgon l\u00f6rdag - JAG Opinion\",\"isPartOf\":{\"@id\":\"https:\/\/jag.se\/opinion\/#website\"},\"datePublished\":\"2012-05-04T07:12:00+00:00\",\"dateModified\":\"2012-05-04T07:12:00+00:00\",\"breadcrumb\":{\"@id\":\"https:\/\/jag.se\/opinion\/pressreleases\/protesten-mot-nedskarningarna-av-den-personliga-assistansen-fortsatter-vid-slussen-imorgon-lordag\/#breadcrumb\"},\"inLanguage\":\"sv-SE\",\"potentialAction\":[{\"@type\":\"ReadAction\",\"target\":[\"https:\/\/jag.se\/opinion\/pressreleases\/protesten-mot-nedskarningarna-av-den-personliga-assistansen-fortsatter-vid-slussen-imorgon-lordag\/\"]}]},{\"@type\":\"BreadcrumbList\",\"@id\":\"https:\/\/jag.se\/opinion\/pressreleases\/protesten-mot-nedskarningarna-av-den-personliga-assistansen-fortsatter-vid-slussen-imorgon-lordag\/#breadcrumb\",\"itemListElement\":[{\"@type\":\"ListItem\",\"position\":1,\"name\":\"JAG start\",\"item\":\"https:\/\/jag.se\"},{\"@type\":\"ListItem\",\"position\":2,\"name\":\"Riksf\u00f6reningen JAG\",\"item\":\"https:\/\/jag.se\/opinion\/\"},{\"@type\":\"ListItem\",\"position\":3,\"name\":\"Pressmeddelanden\",\"item\":\"https:\/\/jag.se\/opinion\/pressreleases\/\"},{\"@type\":\"ListItem\",\"position\":4,\"name\":\"Protesten mot nedsk\u00e4rningarna av den personliga assistansen forts\u00e4tter vid Slussen imorgon l\u00f6rdag\"}]},{\"@type\":\"WebSite\",\"@id\":\"https:\/\/jag.se\/opinion\/#website\",\"url\":\"https:\/\/jag.se\/opinion\/\",\"name\":\"JAG Opinion\",\"description\":\"\",\"potentialAction\":[{\"@type\":\"SearchAction\",\"target\":{\"@type\":\"EntryPoint\",\"urlTemplate\":\"https:\/\/jag.se\/opinion\/?s={search_term_string}\"},\"query-input\":\"required name=search_term_string\"}],\"inLanguage\":\"sv-SE\"}]}<\/script>\n<!-- \/ Yoast SEO plugin. -->","yoast_head_json":{"title":"Protesten mot nedsk\u00e4rningarna av den personliga assistansen forts\u00e4tter vid Slussen imorgon l\u00f6rdag - JAG Opinion","robots":{"index":"index","follow":"follow","max-snippet":"max-snippet:-1","max-image-preview":"max-image-preview:large","max-video-preview":"max-video-preview:-1"},"canonical":"https:\/\/jag.se\/opinion\/pressreleases\/protesten-mot-nedskarningarna-av-den-personliga-assistansen-fortsatter-vid-slussen-imorgon-lordag\/","og_locale":"sv_SE","og_type":"article","og_title":"Protesten mot nedsk\u00e4rningarna av den personliga assistansen forts\u00e4tter vid Slussen imorgon l\u00f6rdag - JAG Opinion","og_description":"Aktionen &#8221;Utan assistans stannar livet&#8221; som i tre dagar p\u00e5g\u00e5tt p\u00e5 Mynttorget i Stockholm flyttar imorgon till Rysstorget (vid S\u00f6dermalmstorg, Slussen). L\u00f6rdag 5\/5 kl 12\u201316 sitter assistansanv\u00e4ndare p\u00e5 plats i buren i protest mot nedsk\u00e4rningarna av den personliga assistansen. Kl 14\u201316 bjuds p\u00e5 tal och upptr\u00e4danden fr\u00e5n scenen. Medverkar g\u00f6r bland andra F\u00f6reningen JAGs ordf\u00f6rande","og_url":"https:\/\/jag.se\/opinion\/pressreleases\/protesten-mot-nedskarningarna-av-den-personliga-assistansen-fortsatter-vid-slussen-imorgon-lordag\/","og_site_name":"JAG Opinion","twitter_card":"summary_large_image","twitter_misc":{"Ber\u00e4knad l\u00e4stid":"1 minut"},"schema":{"@context":"https:\/\/schema.org","@graph":[{"@type":"WebPage","@id":"https:\/\/jag.se\/opinion\/pressreleases\/protesten-mot-nedskarningarna-av-den-personliga-assistansen-fortsatter-vid-slussen-imorgon-lordag\/","url":"https:\/\/jag.se\/opinion\/pressreleases\/protesten-mot-nedskarningarna-av-den-personliga-assistansen-fortsatter-vid-slussen-imorgon-lordag\/","name":"Protesten mot nedsk\u00e4rningarna av den personliga assistansen forts\u00e4tter vid Slussen imorgon l\u00f6rdag - JAG Opinion","isPartOf":{"@id":"https:\/\/jag.se\/opinion\/#website"},"datePublished":"2012-05-04T07:12:00+00:00","dateModified":"2012-05-04T07:12:00+00:00","breadcrumb":{"@id":"https:\/\/jag.se\/opinion\/pressreleases\/protesten-mot-nedskarningarna-av-den-personliga-assistansen-fortsatter-vid-slussen-imorgon-lordag\/#breadcrumb"},"inLanguage":"sv-SE","potentialAction":[{"@type":"ReadAction","target":["https:\/\/jag.se\/opinion\/pressreleases\/protesten-mot-nedskarningarna-av-den-personliga-assistansen-fortsatter-vid-slussen-imorgon-lordag\/"]}]},{"@type":"BreadcrumbList","@id":"https:\/\/jag.se\/opinion\/pressreleases\/protesten-mot-nedskarningarna-av-den-personliga-assistansen-fortsatter-vid-slussen-imorgon-lordag\/#breadcrumb","itemListElement":[{"@type":"ListItem","position":1,"name":"JAG start","item":"https:\/\/jag.se"},{"@type":"ListItem","position":2,"name":"Riksf\u00f6reningen JAG","item":"https:\/\/jag.se\/opinion\/"},{"@type":"ListItem","position":3,"name":"Pressmeddelanden","item":"https:\/\/jag.se\/opinion\/pressreleases\/"},{"@type":"ListItem","position":4,"name":"Protesten mot nedsk\u00e4rningarna av den personliga assistansen forts\u00e4tter vid Slussen imorgon l\u00f6rdag"}]},{"@type":"WebSite","@id":"https:\/\/jag.se\/opinion\/#website","url":"https:\/\/jag.se\/opinion\/","name":"JAG Opinion","description":"","potentialAction":[{"@type":"SearchAction","target":{"@type":"EntryPoint","urlTemplate":"https:\/\/jag.se\/opinion\/?s={search_term_string}"},"query-input":"required name=search_term_string"}],"inLanguage":"sv-SE"}]}},"_links":{"self":[{"href":"https:\/\/jag.se\/opinion\/wp-json\/wp\/v2\/pressreleases\/28161","targetHints":{"allow":["GET"]}}],"collection":[{"href":"https:\/\/jag.se\/opinion\/wp-json\/wp\/v2\/pressreleases"}],"about":[{"href":"https:\/\/jag.se\/opinion\/wp-json\/wp\/v2\/types\/pressreleases"}],"wp:attachment":[{"href":"https:\/\/jag.se\/opinion\/wp-json\/wp\/v2\/media?parent=28161"}],"curies":[{"name":"wp","href":"https:\/\/api.w.org\/{rel}","templated":true}]}}