{"id":28162,"date":"2012-04-26T05:42:00","date_gmt":"2012-04-26T03:42:00","guid":{"rendered":"https:\/\/jag.se\/opinion\/pressreleases\/foreningen-jag-kritisk-mot-fordomsfull-och-okunnig-fuskutredning-var-redan-sa-skora-tillvaro-hotas-av-forslagen\/"},"modified":"2012-04-26T05:42:00","modified_gmt":"2012-04-26T03:42:00","slug":"foreningen-jag-kritisk-mot-fordomsfull-och-okunnig-fuskutredning-var-redan-sa-skora-tillvaro-hotas-av-forslagen","status":"publish","type":"pressreleases","link":"https:\/\/jag.se\/opinion\/pressreleases\/foreningen-jag-kritisk-mot-fordomsfull-och-okunnig-fuskutredning-var-redan-sa-skora-tillvaro-hotas-av-forslagen\/","title":{"rendered":"F\u00f6reningen JAG kritisk mot f\u00f6rdomsfull och okunnig \u201dfuskutredning\u201d: -V\u00e5r redan s\u00e5 sk\u00f6ra tillvaro hotas av f\u00f6rslagen"},"content":{"rendered":"<p>I v\u00e5rt remissvar p\u00e5 bet\u00e4nkandet \u00c5tg\u00e4rder mot fusk och felaktigheter med assistansers\u00e4ttning (SOU 2012:6) v\u00e4nder vi oss bland annat mot f\u00f6rslaget att en god man inte skulle f\u00e5 vara personlig assistent.<br \/>\n\u2013 F\u00f6rslaget skulle drabba dem som har de allra st\u00f6rsta behoven i sin personliga assistans mycket h\u00e5rt. Den sk\u00f6ra men v\u00e4l fungerande tillvaron hotas nu f\u00f6r medlemmarna i JAG, vars trygghet oftast bygger p\u00e5 en god man som finns n\u00e4ra dem i vardagen och \u00e4r engagerad i assistansen s\u00e4ger Cecilia Blanck, verksamhetschef p\u00e5 JAG.<\/p>\n<p>En god man som arbetar som assistent har b\u00e4ttre f\u00f6ruts\u00e4ttningar att kunna kommunicera med brukaren och f\u00f6rst\u00e5 hennes behov och d\u00e4rmed kunna s\u00e4kerst\u00e4lla att assistansen \u00e4r av god kvalitet. Utredningen har inte kunnat visa p\u00e5 att gode m\u00e4n som arbetar som assistenter har lett till fusk eller \u00f6verutnyttjande av assistansers\u00e4ttningen.<\/p>\n<p>Vi som \u00e4r mest beroende av personlig assistans har sj\u00e4lvklart st\u00f6rst intresse av att det inte ska f\u00f6rekomma fusk med assistansers\u00e4ttningen och att LSS-reformen v\u00e4rnas. Men utredaren har valt att g\u00e5 fram med f\u00f6rslag som begr\u00e4nsar valfriheten f\u00f6r alla assistansanv\u00e4ndare, och som skulle inneb\u00e4ra att personer med assistansbehov inte ses som medborgare som andra. Det \u00e4r inte acceptabelt.<\/p>\n<p>Brukarr\u00f6relsen har heller inte f\u00e5tt vara delaktiga i utredningen. V\u00e5ra djupa kunskaper b\u00e5de om att leva med personlig assistans och om assistansreformens utformning och om vilka konsekvenser olika f\u00f6rslag kan ha har inte alls tagits tillvara.<\/p>\n<p>\u2013 Utredningen \u00e4r d\u00e4rmed full av f\u00f6rdomar och okunskap om hur livet fungerar f\u00f6r den som \u00e4r beroende av personlig assistans. Anh\u00f6riga, som ofta \u00e4gnat st\u00f6rre delen av livet \u00e5t att ge st\u00f6d till en funktionsnedsatt familjemedlem, utm\u00e5las i utredningen som samvetsl\u00f6sa brottslingar. Det \u00e4r otroligt kr\u00e4nkande, forts\u00e4tter Cecilia.<\/p>\n<p>Flera f\u00f6rslag i utredningen tycks dessutom utg\u00e5 ifr\u00e5n den felaktiga f\u00f6rest\u00e4llningen att personlig assistans endast ges i hemmet, till exempel f\u00f6rslaget om inspektioner i hemmet. Detta g\u00e5r helt emot tanken med LSS. Med personlig assistans kan du leva ett fritt liv och befinna dig d\u00e4r du sj\u00e4lv v\u00e4ljer att vara.<\/p>\n<p>Kontakt: Cecilia Blanck, tel 08-789 30 21, 070-662 35 40 eller e-post: cecilia.blanck@jag.se\u00a0(cecilia.blanck@jag.se)<\/p>\n","protected":false},"featured_media":0,"template":"","class_list":["post-28162","pressreleases","type-pressreleases","status-publish","hentry"],"acf":[],"yoast_head":"<!-- This site is optimized with the Yoast SEO plugin v21.3 - https:\/\/yoast.com\/wordpress\/plugins\/seo\/ -->\n<title>F\u00f6reningen JAG kritisk mot f\u00f6rdomsfull och okunnig \u201dfuskutredning\u201d: -V\u00e5r redan s\u00e5 sk\u00f6ra tillvaro hotas av f\u00f6rslagen - JAG Opinion<\/title>\n<meta name=\"robots\" content=\"index, follow, max-snippet:-1, max-image-preview:large, max-video-preview:-1\" \/>\n<link rel=\"canonical\" href=\"https:\/\/jag.se\/opinion\/pressreleases\/foreningen-jag-kritisk-mot-fordomsfull-och-okunnig-fuskutredning-var-redan-sa-skora-tillvaro-hotas-av-forslagen\/\" \/>\n<meta property=\"og:locale\" content=\"sv_SE\" \/>\n<meta property=\"og:type\" content=\"article\" \/>\n<meta property=\"og:title\" content=\"F\u00f6reningen JAG kritisk mot f\u00f6rdomsfull och okunnig \u201dfuskutredning\u201d: -V\u00e5r redan s\u00e5 sk\u00f6ra tillvaro hotas av f\u00f6rslagen - JAG Opinion\" \/>\n<meta property=\"og:description\" content=\"I v\u00e5rt remissvar p\u00e5 bet\u00e4nkandet \u00c5tg\u00e4rder mot fusk och felaktigheter med assistansers\u00e4ttning (SOU 2012:6) v\u00e4nder vi oss bland annat mot f\u00f6rslaget att en god man inte skulle f\u00e5 vara personlig assistent. \u2013 F\u00f6rslaget skulle drabba dem som har de allra st\u00f6rsta behoven i sin personliga assistans mycket h\u00e5rt. Den sk\u00f6ra men v\u00e4l fungerande tillvaron hotas\" \/>\n<meta property=\"og:url\" content=\"https:\/\/jag.se\/opinion\/pressreleases\/foreningen-jag-kritisk-mot-fordomsfull-och-okunnig-fuskutredning-var-redan-sa-skora-tillvaro-hotas-av-forslagen\/\" \/>\n<meta property=\"og:site_name\" content=\"JAG Opinion\" \/>\n<meta name=\"twitter:card\" content=\"summary_large_image\" \/>\n<meta name=\"twitter:label1\" content=\"Ber\u00e4knad l\u00e4stid\" \/>\n\t<meta name=\"twitter:data1\" content=\"2 minuter\" \/>\n<script type=\"application\/ld+json\" class=\"yoast-schema-graph\">{\"@context\":\"https:\/\/schema.org\",\"@graph\":[{\"@type\":\"WebPage\",\"@id\":\"https:\/\/jag.se\/opinion\/pressreleases\/foreningen-jag-kritisk-mot-fordomsfull-och-okunnig-fuskutredning-var-redan-sa-skora-tillvaro-hotas-av-forslagen\/\",\"url\":\"https:\/\/jag.se\/opinion\/pressreleases\/foreningen-jag-kritisk-mot-fordomsfull-och-okunnig-fuskutredning-var-redan-sa-skora-tillvaro-hotas-av-forslagen\/\",\"name\":\"F\u00f6reningen JAG kritisk mot f\u00f6rdomsfull och okunnig \u201dfuskutredning\u201d: -V\u00e5r redan s\u00e5 sk\u00f6ra tillvaro hotas av f\u00f6rslagen - JAG Opinion\",\"isPartOf\":{\"@id\":\"https:\/\/jag.se\/opinion\/#website\"},\"datePublished\":\"2012-04-26T03:42:00+00:00\",\"dateModified\":\"2012-04-26T03:42:00+00:00\",\"breadcrumb\":{\"@id\":\"https:\/\/jag.se\/opinion\/pressreleases\/foreningen-jag-kritisk-mot-fordomsfull-och-okunnig-fuskutredning-var-redan-sa-skora-tillvaro-hotas-av-forslagen\/#breadcrumb\"},\"inLanguage\":\"sv-SE\",\"potentialAction\":[{\"@type\":\"ReadAction\",\"target\":[\"https:\/\/jag.se\/opinion\/pressreleases\/foreningen-jag-kritisk-mot-fordomsfull-och-okunnig-fuskutredning-var-redan-sa-skora-tillvaro-hotas-av-forslagen\/\"]}]},{\"@type\":\"BreadcrumbList\",\"@id\":\"https:\/\/jag.se\/opinion\/pressreleases\/foreningen-jag-kritisk-mot-fordomsfull-och-okunnig-fuskutredning-var-redan-sa-skora-tillvaro-hotas-av-forslagen\/#breadcrumb\",\"itemListElement\":[{\"@type\":\"ListItem\",\"position\":1,\"name\":\"JAG start\",\"item\":\"https:\/\/jag.se\"},{\"@type\":\"ListItem\",\"position\":2,\"name\":\"Riksf\u00f6reningen JAG\",\"item\":\"https:\/\/jag.se\/opinion\/\"},{\"@type\":\"ListItem\",\"position\":3,\"name\":\"Pressmeddelanden\",\"item\":\"https:\/\/jag.se\/opinion\/pressreleases\/\"},{\"@type\":\"ListItem\",\"position\":4,\"name\":\"F\u00f6reningen JAG kritisk mot f\u00f6rdomsfull och okunnig \u201dfuskutredning\u201d: -V\u00e5r redan s\u00e5 sk\u00f6ra tillvaro hotas av f\u00f6rslagen\"}]},{\"@type\":\"WebSite\",\"@id\":\"https:\/\/jag.se\/opinion\/#website\",\"url\":\"https:\/\/jag.se\/opinion\/\",\"name\":\"JAG Opinion\",\"description\":\"\",\"potentialAction\":[{\"@type\":\"SearchAction\",\"target\":{\"@type\":\"EntryPoint\",\"urlTemplate\":\"https:\/\/jag.se\/opinion\/?s={search_term_string}\"},\"query-input\":\"required name=search_term_string\"}],\"inLanguage\":\"sv-SE\"}]}<\/script>\n<!-- \/ Yoast SEO plugin. -->","yoast_head_json":{"title":"F\u00f6reningen JAG kritisk mot f\u00f6rdomsfull och okunnig \u201dfuskutredning\u201d: -V\u00e5r redan s\u00e5 sk\u00f6ra tillvaro hotas av f\u00f6rslagen - JAG Opinion","robots":{"index":"index","follow":"follow","max-snippet":"max-snippet:-1","max-image-preview":"max-image-preview:large","max-video-preview":"max-video-preview:-1"},"canonical":"https:\/\/jag.se\/opinion\/pressreleases\/foreningen-jag-kritisk-mot-fordomsfull-och-okunnig-fuskutredning-var-redan-sa-skora-tillvaro-hotas-av-forslagen\/","og_locale":"sv_SE","og_type":"article","og_title":"F\u00f6reningen JAG kritisk mot f\u00f6rdomsfull och okunnig \u201dfuskutredning\u201d: -V\u00e5r redan s\u00e5 sk\u00f6ra tillvaro hotas av f\u00f6rslagen - JAG Opinion","og_description":"I v\u00e5rt remissvar p\u00e5 bet\u00e4nkandet \u00c5tg\u00e4rder mot fusk och felaktigheter med assistansers\u00e4ttning (SOU 2012:6) v\u00e4nder vi oss bland annat mot f\u00f6rslaget att en god man inte skulle f\u00e5 vara personlig assistent. \u2013 F\u00f6rslaget skulle drabba dem som har de allra st\u00f6rsta behoven i sin personliga assistans mycket h\u00e5rt. Den sk\u00f6ra men v\u00e4l fungerande tillvaron hotas","og_url":"https:\/\/jag.se\/opinion\/pressreleases\/foreningen-jag-kritisk-mot-fordomsfull-och-okunnig-fuskutredning-var-redan-sa-skora-tillvaro-hotas-av-forslagen\/","og_site_name":"JAG Opinion","twitter_card":"summary_large_image","twitter_misc":{"Ber\u00e4knad l\u00e4stid":"2 minuter"},"schema":{"@context":"https:\/\/schema.org","@graph":[{"@type":"WebPage","@id":"https:\/\/jag.se\/opinion\/pressreleases\/foreningen-jag-kritisk-mot-fordomsfull-och-okunnig-fuskutredning-var-redan-sa-skora-tillvaro-hotas-av-forslagen\/","url":"https:\/\/jag.se\/opinion\/pressreleases\/foreningen-jag-kritisk-mot-fordomsfull-och-okunnig-fuskutredning-var-redan-sa-skora-tillvaro-hotas-av-forslagen\/","name":"F\u00f6reningen JAG kritisk mot f\u00f6rdomsfull och okunnig \u201dfuskutredning\u201d: -V\u00e5r redan s\u00e5 sk\u00f6ra tillvaro hotas av f\u00f6rslagen - JAG Opinion","isPartOf":{"@id":"https:\/\/jag.se\/opinion\/#website"},"datePublished":"2012-04-26T03:42:00+00:00","dateModified":"2012-04-26T03:42:00+00:00","breadcrumb":{"@id":"https:\/\/jag.se\/opinion\/pressreleases\/foreningen-jag-kritisk-mot-fordomsfull-och-okunnig-fuskutredning-var-redan-sa-skora-tillvaro-hotas-av-forslagen\/#breadcrumb"},"inLanguage":"sv-SE","potentialAction":[{"@type":"ReadAction","target":["https:\/\/jag.se\/opinion\/pressreleases\/foreningen-jag-kritisk-mot-fordomsfull-och-okunnig-fuskutredning-var-redan-sa-skora-tillvaro-hotas-av-forslagen\/"]}]},{"@type":"BreadcrumbList","@id":"https:\/\/jag.se\/opinion\/pressreleases\/foreningen-jag-kritisk-mot-fordomsfull-och-okunnig-fuskutredning-var-redan-sa-skora-tillvaro-hotas-av-forslagen\/#breadcrumb","itemListElement":[{"@type":"ListItem","position":1,"name":"JAG start","item":"https:\/\/jag.se"},{"@type":"ListItem","position":2,"name":"Riksf\u00f6reningen JAG","item":"https:\/\/jag.se\/opinion\/"},{"@type":"ListItem","position":3,"name":"Pressmeddelanden","item":"https:\/\/jag.se\/opinion\/pressreleases\/"},{"@type":"ListItem","position":4,"name":"F\u00f6reningen JAG kritisk mot f\u00f6rdomsfull och okunnig \u201dfuskutredning\u201d: -V\u00e5r redan s\u00e5 sk\u00f6ra tillvaro hotas av f\u00f6rslagen"}]},{"@type":"WebSite","@id":"https:\/\/jag.se\/opinion\/#website","url":"https:\/\/jag.se\/opinion\/","name":"JAG Opinion","description":"","potentialAction":[{"@type":"SearchAction","target":{"@type":"EntryPoint","urlTemplate":"https:\/\/jag.se\/opinion\/?s={search_term_string}"},"query-input":"required name=search_term_string"}],"inLanguage":"sv-SE"}]}},"_links":{"self":[{"href":"https:\/\/jag.se\/opinion\/wp-json\/wp\/v2\/pressreleases\/28162","targetHints":{"allow":["GET"]}}],"collection":[{"href":"https:\/\/jag.se\/opinion\/wp-json\/wp\/v2\/pressreleases"}],"about":[{"href":"https:\/\/jag.se\/opinion\/wp-json\/wp\/v2\/types\/pressreleases"}],"wp:attachment":[{"href":"https:\/\/jag.se\/opinion\/wp-json\/wp\/v2\/media?parent=28162"}],"curies":[{"name":"wp","href":"https:\/\/api.w.org\/{rel}","templated":true}]}}