{"id":28163,"date":"2012-02-28T12:11:00","date_gmt":"2012-02-28T11:11:00","guid":{"rendered":"https:\/\/jag.se\/opinion\/pressreleases\/pressmeddelande-fran-foreningen-jag-angaende-susanne-billums-utredning\/"},"modified":"2012-02-28T12:11:00","modified_gmt":"2012-02-28T11:11:00","slug":"pressmeddelande-fran-foreningen-jag-angaende-susanne-billums-utredning","status":"publish","type":"pressreleases","link":"https:\/\/jag.se\/opinion\/pressreleases\/pressmeddelande-fran-foreningen-jag-angaende-susanne-billums-utredning\/","title":{"rendered":"Pressmeddelande fr\u00e5n F\u00f6reningen JAG ang\u00e5ende Susanne Billums utredning"},"content":{"rendered":"<p>Syftet med om bet\u00e4nkandet om \u00e5tg\u00e4rder mot fusk och felaktigheter med assistansers\u00e4ttningen \u00e4r enligt direktivet att s\u00e4kerst\u00e4lla assistansers\u00e4ttningens l\u00e5ngsiktiga h\u00e5llbarhet samtidigt som den enskildes r\u00e4ttigheter inom LSS v\u00e4rnas. Trots detta har utredningen lagt fram f\u00f6rslag som, om de blir verklighet, kommer att ha en stor negativ inverkan p\u00e5 assistansanv\u00e4ndares valfrihet, sj\u00e4lvbest\u00e4mmande och livsvillkor.<\/p>\n<p>I m\u00e5nga delar kan utredningens f\u00f6rslag bidra till att \u00f6ka kontrollen och f\u00f6rb\u00e4ttra myndigheternas handl\u00e4ggning s\u00e5 att assistansers\u00e4ttning endast betalas ut till de personer som faktiskt \u00e4r i behov av personlig assistans och i enlighet med de regler som finns. Men det finns ett antal f\u00f6rslag som ist\u00e4llet skulle begr\u00e4nsa sj\u00e4lvbest\u00e4mmandet och valfriheten \u2013 tv\u00e5 av LSS grundpelare \u2013 och det fr\u00e4mst f\u00f6r de assistansber\u00e4ttigade som beh\u00f6ver en god man f\u00f6r att tillvarata sina r\u00e4ttigheter.<\/p>\n<p>Utredningen har f\u00f6reslagit att personer som \u00e4r god man, f\u00f6rvaltare eller ombud f\u00f6r en assistansber\u00e4ttigad inte ska f\u00e5 arbeta som assistent \u00e5t honom eller henne. Medlemmarna i JAG har flera omfattande funktionsneds\u00e4ttningar varav en avser den intellektuella f\u00f6rm\u00e5gan. De vuxna medlemmarna har d\u00e4rf\u00f6r oftast en god man. F\u00f6r att kunna s\u00f6rja f\u00f6r person och tillvarata huvudmannens r\u00e4ttigheter m\u00e5ste den gode mannen k\u00e4nna honom eller henne v\u00e4l och kunna tolka kommunikation som kan best\u00e5 av exempelvis kroppsspr\u00e5k eller egna s\u00e4tt att uttrycka sin vilja. Ofta \u00e4r det bara n\u00e4rst\u00e5ende och assistenter som kan detta.<\/p>\n<p>Utredningen menar att en god man inte kan utf\u00f6ra sitt uppdrag i den del som handlar om att bevaka att huvudmannen f\u00e5r den assistans som han eller hon har r\u00e4tt till om den gode mannen sj\u00e4lv arbetar som assistent. I sj\u00e4lva verket har en god man som arbetar som assistent eller p\u00e5 annat s\u00e4tt \u00e4r mycket n\u00e4ra den assistansber\u00e4ttigade, genom sin m\u00f6jlighet att kommunicera direkt med medlemmen, mycket b\u00e4ttre f\u00f6ruts\u00e4ttningar f\u00f6r att kunna avg\u00f6ra om assistansen \u00e4r god.<\/p>\n<p>I utredningens genomg\u00e5ng av det fusk som finns s\u00e5 n\u00e4mns inte gode m\u00e4n i n\u00e5got sammanhang. Utredningen har inte \u00f6ver huvud taget visat p\u00e5 att gode m\u00e4n som \u00e4r assistenter bidrar till fusk eller \u00f6verutnyttjande av assistansers\u00e4ttningen. Det finns ingenting som motiverar f\u00f6rslaget om att gode m\u00e4n inte ska f\u00e5 vara assistenter. Utredningen har inte heller gjort n\u00e5gon konsekvensanalys av f\u00f6rslaget f\u00f6r att se vad det f\u00e5r f\u00f6r effekter f\u00f6r assistasanv\u00e4ndare. Den inverkan som en s\u00e5dan reglering skulle f\u00e5 p\u00e5 enskildas liv st\u00e5r inte alls i proportion till det man m\u00f6jligen kan vilja uppn\u00e5 med best\u00e4mmelsen. \u00a0<\/p>\n<p>Vi oroas ocks\u00e5 av att det finns flera f\u00f6rslag i utredningen som tycks utg\u00e5 ifr\u00e5n att assistans ges i hemmet och att den assistansber\u00e4ttigade skulle vara knuten till hemmet under de timmar som han eller hon har personlig assistans. Syftet med personlig assistans \u00e4r att man ska kunna leva sitt liv som andra och delta i samh\u00e4llet. Assistans utf\u00f6rs inte endast eller ens huvudsakligen i hemmet. Utredningen f\u00f6resl\u00e5r bland annat att man som assistansanv\u00e4ndare ska vara tvungen att underkasta sig inspektioner av assistansen i det egna hemmet om man vill ha en privat anordnare och anh\u00f6riga som assistenter. Men personlig assistans utf\u00f6rs d\u00e4r brukaren befinner sig, och det \u00e4r sj\u00e4lva po\u00e4ngen. De f\u00f6reslagna inspektionerna skulle d\u00e4rf\u00f6r vara fullst\u00e4ndigt verkningsl\u00f6sa mot dem som fuskar, men upplevas som en kr\u00e4nkning och ett intr\u00e5ng i privatlivet f\u00f6r den stora majoritet som redan f\u00f6ljer reglerna.<br \/>\nAtt p\u00e5 dessa s\u00e4tt begr\u00e4nsa den assistansber\u00e4ttigades m\u00f6jligheter att sj\u00e4lv v\u00e4lja vem han eller hon vill ha som assistent g\u00e5r rakt emot de r\u00e4ttigheter som sl\u00e5s fast i LSS. Vi hoppas verkligen att regeringen kommer att se det som utredaren inte sett \u2013 att dessa f\u00f6rslag kraftigt skulle f\u00f6rs\u00e4mra villkoren f\u00f6r de assistansanv\u00e4ndare som har de allra st\u00f6rsta behoven.<\/p>\n","protected":false},"featured_media":0,"template":"","class_list":["post-28163","pressreleases","type-pressreleases","status-publish","hentry"],"acf":[],"yoast_head":"<!-- This site is optimized with the Yoast SEO plugin v21.3 - https:\/\/yoast.com\/wordpress\/plugins\/seo\/ -->\n<title>Pressmeddelande fr\u00e5n F\u00f6reningen JAG ang\u00e5ende Susanne Billums utredning - JAG Opinion<\/title>\n<meta name=\"robots\" content=\"index, follow, max-snippet:-1, max-image-preview:large, max-video-preview:-1\" \/>\n<link rel=\"canonical\" href=\"https:\/\/jag.se\/opinion\/pressreleases\/pressmeddelande-fran-foreningen-jag-angaende-susanne-billums-utredning\/\" \/>\n<meta property=\"og:locale\" content=\"sv_SE\" \/>\n<meta property=\"og:type\" content=\"article\" \/>\n<meta property=\"og:title\" content=\"Pressmeddelande fr\u00e5n F\u00f6reningen JAG ang\u00e5ende Susanne Billums utredning - JAG Opinion\" \/>\n<meta property=\"og:description\" content=\"Syftet med om bet\u00e4nkandet om \u00e5tg\u00e4rder mot fusk och felaktigheter med assistansers\u00e4ttningen \u00e4r enligt direktivet att s\u00e4kerst\u00e4lla assistansers\u00e4ttningens l\u00e5ngsiktiga h\u00e5llbarhet samtidigt som den enskildes r\u00e4ttigheter inom LSS v\u00e4rnas. Trots detta har utredningen lagt fram f\u00f6rslag som, om de blir verklighet, kommer att ha en stor negativ inverkan p\u00e5 assistansanv\u00e4ndares valfrihet, sj\u00e4lvbest\u00e4mmande och livsvillkor. I m\u00e5nga\" \/>\n<meta property=\"og:url\" content=\"https:\/\/jag.se\/opinion\/pressreleases\/pressmeddelande-fran-foreningen-jag-angaende-susanne-billums-utredning\/\" \/>\n<meta property=\"og:site_name\" content=\"JAG Opinion\" \/>\n<meta name=\"twitter:card\" content=\"summary_large_image\" \/>\n<meta name=\"twitter:label1\" content=\"Ber\u00e4knad l\u00e4stid\" \/>\n\t<meta name=\"twitter:data1\" content=\"4 minuter\" \/>\n<script type=\"application\/ld+json\" class=\"yoast-schema-graph\">{\"@context\":\"https:\/\/schema.org\",\"@graph\":[{\"@type\":\"WebPage\",\"@id\":\"https:\/\/jag.se\/opinion\/pressreleases\/pressmeddelande-fran-foreningen-jag-angaende-susanne-billums-utredning\/\",\"url\":\"https:\/\/jag.se\/opinion\/pressreleases\/pressmeddelande-fran-foreningen-jag-angaende-susanne-billums-utredning\/\",\"name\":\"Pressmeddelande fr\u00e5n F\u00f6reningen JAG ang\u00e5ende Susanne Billums utredning - JAG Opinion\",\"isPartOf\":{\"@id\":\"https:\/\/jag.se\/opinion\/#website\"},\"datePublished\":\"2012-02-28T11:11:00+00:00\",\"dateModified\":\"2012-02-28T11:11:00+00:00\",\"breadcrumb\":{\"@id\":\"https:\/\/jag.se\/opinion\/pressreleases\/pressmeddelande-fran-foreningen-jag-angaende-susanne-billums-utredning\/#breadcrumb\"},\"inLanguage\":\"sv-SE\",\"potentialAction\":[{\"@type\":\"ReadAction\",\"target\":[\"https:\/\/jag.se\/opinion\/pressreleases\/pressmeddelande-fran-foreningen-jag-angaende-susanne-billums-utredning\/\"]}]},{\"@type\":\"BreadcrumbList\",\"@id\":\"https:\/\/jag.se\/opinion\/pressreleases\/pressmeddelande-fran-foreningen-jag-angaende-susanne-billums-utredning\/#breadcrumb\",\"itemListElement\":[{\"@type\":\"ListItem\",\"position\":1,\"name\":\"JAG start\",\"item\":\"https:\/\/jag.se\"},{\"@type\":\"ListItem\",\"position\":2,\"name\":\"Riksf\u00f6reningen JAG\",\"item\":\"https:\/\/jag.se\/opinion\/\"},{\"@type\":\"ListItem\",\"position\":3,\"name\":\"Pressmeddelanden\",\"item\":\"https:\/\/jag.se\/opinion\/pressreleases\/\"},{\"@type\":\"ListItem\",\"position\":4,\"name\":\"Pressmeddelande fr\u00e5n F\u00f6reningen JAG ang\u00e5ende Susanne Billums utredning\"}]},{\"@type\":\"WebSite\",\"@id\":\"https:\/\/jag.se\/opinion\/#website\",\"url\":\"https:\/\/jag.se\/opinion\/\",\"name\":\"JAG Opinion\",\"description\":\"\",\"potentialAction\":[{\"@type\":\"SearchAction\",\"target\":{\"@type\":\"EntryPoint\",\"urlTemplate\":\"https:\/\/jag.se\/opinion\/?s={search_term_string}\"},\"query-input\":\"required name=search_term_string\"}],\"inLanguage\":\"sv-SE\"}]}<\/script>\n<!-- \/ Yoast SEO plugin. -->","yoast_head_json":{"title":"Pressmeddelande fr\u00e5n F\u00f6reningen JAG ang\u00e5ende Susanne Billums utredning - JAG Opinion","robots":{"index":"index","follow":"follow","max-snippet":"max-snippet:-1","max-image-preview":"max-image-preview:large","max-video-preview":"max-video-preview:-1"},"canonical":"https:\/\/jag.se\/opinion\/pressreleases\/pressmeddelande-fran-foreningen-jag-angaende-susanne-billums-utredning\/","og_locale":"sv_SE","og_type":"article","og_title":"Pressmeddelande fr\u00e5n F\u00f6reningen JAG ang\u00e5ende Susanne Billums utredning - JAG Opinion","og_description":"Syftet med om bet\u00e4nkandet om \u00e5tg\u00e4rder mot fusk och felaktigheter med assistansers\u00e4ttningen \u00e4r enligt direktivet att s\u00e4kerst\u00e4lla assistansers\u00e4ttningens l\u00e5ngsiktiga h\u00e5llbarhet samtidigt som den enskildes r\u00e4ttigheter inom LSS v\u00e4rnas. Trots detta har utredningen lagt fram f\u00f6rslag som, om de blir verklighet, kommer att ha en stor negativ inverkan p\u00e5 assistansanv\u00e4ndares valfrihet, sj\u00e4lvbest\u00e4mmande och livsvillkor. I m\u00e5nga","og_url":"https:\/\/jag.se\/opinion\/pressreleases\/pressmeddelande-fran-foreningen-jag-angaende-susanne-billums-utredning\/","og_site_name":"JAG Opinion","twitter_card":"summary_large_image","twitter_misc":{"Ber\u00e4knad l\u00e4stid":"4 minuter"},"schema":{"@context":"https:\/\/schema.org","@graph":[{"@type":"WebPage","@id":"https:\/\/jag.se\/opinion\/pressreleases\/pressmeddelande-fran-foreningen-jag-angaende-susanne-billums-utredning\/","url":"https:\/\/jag.se\/opinion\/pressreleases\/pressmeddelande-fran-foreningen-jag-angaende-susanne-billums-utredning\/","name":"Pressmeddelande fr\u00e5n F\u00f6reningen JAG ang\u00e5ende Susanne Billums utredning - JAG Opinion","isPartOf":{"@id":"https:\/\/jag.se\/opinion\/#website"},"datePublished":"2012-02-28T11:11:00+00:00","dateModified":"2012-02-28T11:11:00+00:00","breadcrumb":{"@id":"https:\/\/jag.se\/opinion\/pressreleases\/pressmeddelande-fran-foreningen-jag-angaende-susanne-billums-utredning\/#breadcrumb"},"inLanguage":"sv-SE","potentialAction":[{"@type":"ReadAction","target":["https:\/\/jag.se\/opinion\/pressreleases\/pressmeddelande-fran-foreningen-jag-angaende-susanne-billums-utredning\/"]}]},{"@type":"BreadcrumbList","@id":"https:\/\/jag.se\/opinion\/pressreleases\/pressmeddelande-fran-foreningen-jag-angaende-susanne-billums-utredning\/#breadcrumb","itemListElement":[{"@type":"ListItem","position":1,"name":"JAG start","item":"https:\/\/jag.se"},{"@type":"ListItem","position":2,"name":"Riksf\u00f6reningen JAG","item":"https:\/\/jag.se\/opinion\/"},{"@type":"ListItem","position":3,"name":"Pressmeddelanden","item":"https:\/\/jag.se\/opinion\/pressreleases\/"},{"@type":"ListItem","position":4,"name":"Pressmeddelande fr\u00e5n F\u00f6reningen JAG ang\u00e5ende Susanne Billums utredning"}]},{"@type":"WebSite","@id":"https:\/\/jag.se\/opinion\/#website","url":"https:\/\/jag.se\/opinion\/","name":"JAG Opinion","description":"","potentialAction":[{"@type":"SearchAction","target":{"@type":"EntryPoint","urlTemplate":"https:\/\/jag.se\/opinion\/?s={search_term_string}"},"query-input":"required name=search_term_string"}],"inLanguage":"sv-SE"}]}},"_links":{"self":[{"href":"https:\/\/jag.se\/opinion\/wp-json\/wp\/v2\/pressreleases\/28163","targetHints":{"allow":["GET"]}}],"collection":[{"href":"https:\/\/jag.se\/opinion\/wp-json\/wp\/v2\/pressreleases"}],"about":[{"href":"https:\/\/jag.se\/opinion\/wp-json\/wp\/v2\/types\/pressreleases"}],"wp:attachment":[{"href":"https:\/\/jag.se\/opinion\/wp-json\/wp\/v2\/media?parent=28163"}],"curies":[{"name":"wp","href":"https:\/\/api.w.org\/{rel}","templated":true}]}}