{"id":28164,"date":"2012-02-15T12:51:00","date_gmt":"2012-02-15T11:51:00","guid":{"rendered":"https:\/\/jag.se\/opinion\/pressreleases\/vrid-inte-tillbaka-klockan-for-oss-assistansanvandare\/"},"modified":"2012-02-15T12:51:00","modified_gmt":"2012-02-15T11:51:00","slug":"vrid-inte-tillbaka-klockan-for-oss-assistansanvandare","status":"publish","type":"pressreleases","link":"https:\/\/jag.se\/opinion\/pressreleases\/vrid-inte-tillbaka-klockan-for-oss-assistansanvandare\/","title":{"rendered":"Vrid inte tillbaka klockan f\u00f6r oss assistansanv\u00e4ndare!"},"content":{"rendered":"<p>I samband med presskonferensen, som startar 16.45, kommer d\u00e4rf\u00f6r m\u00e5nga assistansanv\u00e4ndare att samlas p\u00e5 Mynttorget i Stockholm f\u00f6r en manifestation.<\/p>\n<p>\u2013 F\u00f6r oss \u00e4r det viktigt att politiker och allm\u00e4nhet nu ser att personlig assistans\u00a0(http:\/\/jag.se\/) \u00e4r en livsviktig service f\u00f6r de medborgare som har de st\u00f6rsta funktionsneds\u00e4ttningarna. Valfriheten f\u00f6r den enskilde \u00e4r sj\u00e4lva grunden i detta &#8211; att man ska kunna leva sitt liv med familj och v\u00e4nner och inte tvingas bli patient och v\u00e5rdtagare, s\u00e4ger Magnus And\u00e9n genom sin legala f\u00f6retr\u00e4dare Cecilia Blanck.<\/p>\n<p>\u2013 I media har olika slags fusk med assistansers\u00e4ttning beskrivits det senaste \u00e5ret. Trots att det handlar om n\u00e5gra f\u00e5 som missbrukat systemet har det drabbat Sveriges assistansanv\u00e4ndare mycket h\u00e5rt. Kanske kommer det nu att anv\u00e4ndas som f\u00f6rev\u00e4ndning f\u00f6r \u00e5tg\u00e4rder som minskar valfriheten och integriteten f\u00f6r alla assistansanv\u00e4ndare. Vi \u00e4r livr\u00e4dda att utredningen ska l\u00e4gga f\u00f6rslag som vrider klockan tillbaka f\u00f6r de personer som \u00e4r helt beroende av en personlig assistans f\u00f6r att \u00f6verleva.<br \/>\nKontakt:\u00a0Magnus And\u00e9n, ordf\u00f6rande i F\u00f6reningen JAG\u00a0(http:\/\/jag.se\/), genom god man Cecilia Blanck, tel 070-662 35 40.<\/p>\n","protected":false},"featured_media":0,"template":"","class_list":["post-28164","pressreleases","type-pressreleases","status-publish","hentry"],"acf":[],"yoast_head":"<!-- This site is optimized with the Yoast SEO plugin v21.3 - https:\/\/yoast.com\/wordpress\/plugins\/seo\/ -->\n<title>Vrid inte tillbaka klockan f\u00f6r oss assistansanv\u00e4ndare! - JAG Opinion<\/title>\n<meta name=\"robots\" content=\"index, follow, max-snippet:-1, max-image-preview:large, max-video-preview:-1\" \/>\n<link rel=\"canonical\" href=\"https:\/\/jag.se\/opinion\/pressreleases\/vrid-inte-tillbaka-klockan-for-oss-assistansanvandare\/\" \/>\n<meta property=\"og:locale\" content=\"sv_SE\" \/>\n<meta property=\"og:type\" content=\"article\" \/>\n<meta property=\"og:title\" content=\"Vrid inte tillbaka klockan f\u00f6r oss assistansanv\u00e4ndare! - JAG Opinion\" \/>\n<meta property=\"og:description\" content=\"I samband med presskonferensen, som startar 16.45, kommer d\u00e4rf\u00f6r m\u00e5nga assistansanv\u00e4ndare att samlas p\u00e5 Mynttorget i Stockholm f\u00f6r en manifestation. \u2013 F\u00f6r oss \u00e4r det viktigt att politiker och allm\u00e4nhet nu ser att personlig assistans\u00a0(http:\/\/jag.se\/) \u00e4r en livsviktig service f\u00f6r de medborgare som har de st\u00f6rsta funktionsneds\u00e4ttningarna. Valfriheten f\u00f6r den enskilde \u00e4r sj\u00e4lva grunden i\" \/>\n<meta property=\"og:url\" content=\"https:\/\/jag.se\/opinion\/pressreleases\/vrid-inte-tillbaka-klockan-for-oss-assistansanvandare\/\" \/>\n<meta property=\"og:site_name\" content=\"JAG Opinion\" \/>\n<meta name=\"twitter:card\" content=\"summary_large_image\" \/>\n<meta name=\"twitter:label1\" content=\"Ber\u00e4knad l\u00e4stid\" \/>\n\t<meta name=\"twitter:data1\" content=\"1 minut\" \/>\n<script type=\"application\/ld+json\" class=\"yoast-schema-graph\">{\"@context\":\"https:\/\/schema.org\",\"@graph\":[{\"@type\":\"WebPage\",\"@id\":\"https:\/\/jag.se\/opinion\/pressreleases\/vrid-inte-tillbaka-klockan-for-oss-assistansanvandare\/\",\"url\":\"https:\/\/jag.se\/opinion\/pressreleases\/vrid-inte-tillbaka-klockan-for-oss-assistansanvandare\/\",\"name\":\"Vrid inte tillbaka klockan f\u00f6r oss assistansanv\u00e4ndare! - JAG Opinion\",\"isPartOf\":{\"@id\":\"https:\/\/jag.se\/opinion\/#website\"},\"datePublished\":\"2012-02-15T11:51:00+00:00\",\"dateModified\":\"2012-02-15T11:51:00+00:00\",\"breadcrumb\":{\"@id\":\"https:\/\/jag.se\/opinion\/pressreleases\/vrid-inte-tillbaka-klockan-for-oss-assistansanvandare\/#breadcrumb\"},\"inLanguage\":\"sv-SE\",\"potentialAction\":[{\"@type\":\"ReadAction\",\"target\":[\"https:\/\/jag.se\/opinion\/pressreleases\/vrid-inte-tillbaka-klockan-for-oss-assistansanvandare\/\"]}]},{\"@type\":\"BreadcrumbList\",\"@id\":\"https:\/\/jag.se\/opinion\/pressreleases\/vrid-inte-tillbaka-klockan-for-oss-assistansanvandare\/#breadcrumb\",\"itemListElement\":[{\"@type\":\"ListItem\",\"position\":1,\"name\":\"JAG start\",\"item\":\"https:\/\/jag.se\"},{\"@type\":\"ListItem\",\"position\":2,\"name\":\"Riksf\u00f6reningen JAG\",\"item\":\"https:\/\/jag.se\/opinion\/\"},{\"@type\":\"ListItem\",\"position\":3,\"name\":\"Pressmeddelanden\",\"item\":\"https:\/\/jag.se\/opinion\/pressreleases\/\"},{\"@type\":\"ListItem\",\"position\":4,\"name\":\"Vrid inte tillbaka klockan f\u00f6r oss assistansanv\u00e4ndare!\"}]},{\"@type\":\"WebSite\",\"@id\":\"https:\/\/jag.se\/opinion\/#website\",\"url\":\"https:\/\/jag.se\/opinion\/\",\"name\":\"JAG Opinion\",\"description\":\"\",\"potentialAction\":[{\"@type\":\"SearchAction\",\"target\":{\"@type\":\"EntryPoint\",\"urlTemplate\":\"https:\/\/jag.se\/opinion\/?s={search_term_string}\"},\"query-input\":\"required name=search_term_string\"}],\"inLanguage\":\"sv-SE\"}]}<\/script>\n<!-- \/ Yoast SEO plugin. -->","yoast_head_json":{"title":"Vrid inte tillbaka klockan f\u00f6r oss assistansanv\u00e4ndare! - JAG Opinion","robots":{"index":"index","follow":"follow","max-snippet":"max-snippet:-1","max-image-preview":"max-image-preview:large","max-video-preview":"max-video-preview:-1"},"canonical":"https:\/\/jag.se\/opinion\/pressreleases\/vrid-inte-tillbaka-klockan-for-oss-assistansanvandare\/","og_locale":"sv_SE","og_type":"article","og_title":"Vrid inte tillbaka klockan f\u00f6r oss assistansanv\u00e4ndare! - JAG Opinion","og_description":"I samband med presskonferensen, som startar 16.45, kommer d\u00e4rf\u00f6r m\u00e5nga assistansanv\u00e4ndare att samlas p\u00e5 Mynttorget i Stockholm f\u00f6r en manifestation. \u2013 F\u00f6r oss \u00e4r det viktigt att politiker och allm\u00e4nhet nu ser att personlig assistans\u00a0(http:\/\/jag.se\/) \u00e4r en livsviktig service f\u00f6r de medborgare som har de st\u00f6rsta funktionsneds\u00e4ttningarna. Valfriheten f\u00f6r den enskilde \u00e4r sj\u00e4lva grunden i","og_url":"https:\/\/jag.se\/opinion\/pressreleases\/vrid-inte-tillbaka-klockan-for-oss-assistansanvandare\/","og_site_name":"JAG Opinion","twitter_card":"summary_large_image","twitter_misc":{"Ber\u00e4knad l\u00e4stid":"1 minut"},"schema":{"@context":"https:\/\/schema.org","@graph":[{"@type":"WebPage","@id":"https:\/\/jag.se\/opinion\/pressreleases\/vrid-inte-tillbaka-klockan-for-oss-assistansanvandare\/","url":"https:\/\/jag.se\/opinion\/pressreleases\/vrid-inte-tillbaka-klockan-for-oss-assistansanvandare\/","name":"Vrid inte tillbaka klockan f\u00f6r oss assistansanv\u00e4ndare! - JAG Opinion","isPartOf":{"@id":"https:\/\/jag.se\/opinion\/#website"},"datePublished":"2012-02-15T11:51:00+00:00","dateModified":"2012-02-15T11:51:00+00:00","breadcrumb":{"@id":"https:\/\/jag.se\/opinion\/pressreleases\/vrid-inte-tillbaka-klockan-for-oss-assistansanvandare\/#breadcrumb"},"inLanguage":"sv-SE","potentialAction":[{"@type":"ReadAction","target":["https:\/\/jag.se\/opinion\/pressreleases\/vrid-inte-tillbaka-klockan-for-oss-assistansanvandare\/"]}]},{"@type":"BreadcrumbList","@id":"https:\/\/jag.se\/opinion\/pressreleases\/vrid-inte-tillbaka-klockan-for-oss-assistansanvandare\/#breadcrumb","itemListElement":[{"@type":"ListItem","position":1,"name":"JAG start","item":"https:\/\/jag.se"},{"@type":"ListItem","position":2,"name":"Riksf\u00f6reningen JAG","item":"https:\/\/jag.se\/opinion\/"},{"@type":"ListItem","position":3,"name":"Pressmeddelanden","item":"https:\/\/jag.se\/opinion\/pressreleases\/"},{"@type":"ListItem","position":4,"name":"Vrid inte tillbaka klockan f\u00f6r oss assistansanv\u00e4ndare!"}]},{"@type":"WebSite","@id":"https:\/\/jag.se\/opinion\/#website","url":"https:\/\/jag.se\/opinion\/","name":"JAG Opinion","description":"","potentialAction":[{"@type":"SearchAction","target":{"@type":"EntryPoint","urlTemplate":"https:\/\/jag.se\/opinion\/?s={search_term_string}"},"query-input":"required name=search_term_string"}],"inLanguage":"sv-SE"}]}},"_links":{"self":[{"href":"https:\/\/jag.se\/opinion\/wp-json\/wp\/v2\/pressreleases\/28164","targetHints":{"allow":["GET"]}}],"collection":[{"href":"https:\/\/jag.se\/opinion\/wp-json\/wp\/v2\/pressreleases"}],"about":[{"href":"https:\/\/jag.se\/opinion\/wp-json\/wp\/v2\/types\/pressreleases"}],"wp:attachment":[{"href":"https:\/\/jag.se\/opinion\/wp-json\/wp\/v2\/media?parent=28164"}],"curies":[{"name":"wp","href":"https:\/\/api.w.org\/{rel}","templated":true}]}}